{"id":698,"date":"2019-04-22T19:42:39","date_gmt":"2019-04-22T19:42:39","guid":{"rendered":"https:\/\/www.subparke.es\/?p=698"},"modified":"2019-04-22T20:34:58","modified_gmt":"2019-04-22T20:34:58","slug":"heroes-contra-duchenne","status":"publish","type":"post","link":"https:\/\/www.subparke.es\/en\/heroes-contra-duchenne\/","title":{"rendered":"H\u00e9roes contra Duchenne"},"content":{"rendered":"[av_slideshow_full size='no scaling' min_height='0px' stretch='' animation='slide' conditional_play='' autoplay='false' interval='5' control_layout='av-control-default' src='' attachment='' attachment_size='' position='top left' repeat='no-repeat' attach='scroll' av-desktop-hide='aviaTBav-desktop-hide' av-medium-hide='aviaTBav-medium-hide' av_uid='av-jusrhge4']\r\n[av_slide_full id='700' slide_type='' video='http:\/\/' mobile_image='' fallback_link='http:\/\/' video_format='' video_ratio='16:9' video_controls='' video_mute='' video_loop='' video_autoplay='' title='' custom_title_size='' custom_content_size='' caption_pos='caption_bottom' link_apply='' link='' link_target='' button_label='Click me' button_color='light' link1='' link_target1='' button_label2='Click me' button_color2='light' link2='' link_target2='' font_color='' custom_title='' custom_content='' overlay_enable='' overlay_opacity='0.5' overlay_color='' overlay_pattern='' overlay_custom_pattern='' av-medium-font-size-title='' av-small-font-size-title='' av-mini-font-size-title='' av-medium-font-size='' av-small-font-size='' av-mini-font-size='' av_uid='av-9ogir'][\/av_slide_full]\r\n\r\n\r\n[\/av_slideshow_full]\r\n\r\n[av_section min_height='custom' min_height_px='400px' padding='no-padding' shadow='no-border-styling' bottom_border='no-border-styling' bottom_border_diagonal_color='#333333' bottom_border_diagonal_direction='' bottom_border_style='' custom_margin='0px' custom_margin_sync='true' custom_arrow_bg='' id='' color='main_color' background='bg_color' custom_bg='' background_gradient_color1='' background_gradient_color2='' background_gradient_direction='vertical' src='https:\/\/www.subparke.es\/wp-content\/uploads\/2019\/04\/cab_noticias-1.jpg' attachment='700' attachment_size='full' attach='scroll' position='center center' repeat='stretch' video='' video_ratio='16:9' overlay_opacity='0.5' overlay_color='' overlay_pattern='' overlay_custom_pattern='' av-small-hide='aviaTBav-small-hide' av-mini-hide='aviaTBav-mini-hide' av_element_hidden_in_editor='0' av_uid='av-jusrithc'][\/av_section]\r\n\r\n\n<div  style='padding-bottom:10px; ' class='av-special-heading av-special-heading-h3    avia-builder-el-1  el_after_av_postcontent  el_before_av_one_third  avia-builder-el-first  '><h3 class='av-special-heading-tag '  itemprop=\"headline\"  >H\u00e9roes contra Duchenne<\/h3><div class='special-heading-border'><div class='special-heading-inner-border' ><\/div><\/div><\/div>\n<div class=\"flex_column av_one_third  flex_column_div av-zero-column-padding first  avia-builder-el-2  el_after_av_heading  el_before_av_two_third  \" style='border-radius:0px; '><p><div  class='avia-image-container  av-styling-    avia-builder-el-3  el_before_av_social_share  avia-builder-el-first  avia-align-center '  itemprop=\"image\" itemscope=\"itemscope\" itemtype=\"https:\/\/schema.org\/ImageObject\"  ><div class='avia-image-container-inner'><div class='avia-image-overlay-wrap'><img decoding=\"async\" class='wp-image-702 avia-img-lazy-loading-not-702 avia_image' src=\"https:\/\/www.subparke.es\/wp-content\/uploads\/2019\/04\/heroes.jpg\" alt='' title='heroes' height=\"600\" width=\"600\"  itemprop=\"thumbnailUrl\" srcset=\"https:\/\/www.subparke.es\/wp-content\/uploads\/2019\/04\/heroes.jpg 600w, https:\/\/www.subparke.es\/wp-content\/uploads\/2019\/04\/heroes-80x80.jpg 80w, https:\/\/www.subparke.es\/wp-content\/uploads\/2019\/04\/heroes-300x300.jpg 300w, https:\/\/www.subparke.es\/wp-content\/uploads\/2019\/04\/heroes-36x36.jpg 36w, https:\/\/www.subparke.es\/wp-content\/uploads\/2019\/04\/heroes-180x180.jpg 180w, https:\/\/www.subparke.es\/wp-content\/uploads\/2019\/04\/heroes-120x120.jpg 120w, https:\/\/www.subparke.es\/wp-content\/uploads\/2019\/04\/heroes-450x450.jpg 450w\" sizes=\"(max-width: 600px) 100vw, 600px\" \/><\/div><\/div><\/div><br \/>\n<div  class='av-social-sharing-box av-social-sharing-box-default   avia-builder-el-4  el_after_av_image  avia-builder-el-last  av-social-sharing-box-fullwidth '><div class=\"av-share-box\"><h5 class='av-share-link-description av-no-toc '>Compartir esta entrada<\/h5><ul class=\"av-share-box-list noLightbox\"><li class='av-share-link av-social-link-facebook' ><a target=\"_blank\" aria-label=\"Share on Facebook\" href='https:\/\/www.facebook.com\/sharer.php?u=https:\/\/www.subparke.es\/en\/heroes-contra-duchenne\/&#038;t=H%C3%A9roes%20contra%20Duchenne' aria-hidden='false' data-av_icon='\ue8f3' data-av_iconfont='entypo-fontello' title='' data-avia-related-tooltip='Share on Facebook' rel=\"noopener\"><span class='avia_hidden_link_text'>Share on Facebook<\/span><\/a><\/li><li class='av-share-link av-social-link-twitter' ><a target=\"_blank\" aria-label=\"Share on Twitter\" href='https:\/\/twitter.com\/share?text=H%C3%A9roes%20contra%20Duchenne&#038;url=https:\/\/www.subparke.es\/en\/?p=698' aria-hidden='false' data-av_icon='\ue8f1' data-av_iconfont='entypo-fontello' title='' data-avia-related-tooltip='Share on Twitter' rel=\"noopener\"><span class='avia_hidden_link_text'>Share on Twitter<\/span><\/a><\/li><li class='av-share-link av-social-link-pinterest' ><a target=\"_blank\" aria-label=\"Share on Pinterest\" href='https:\/\/pinterest.com\/pin\/create\/button\/?url=https%3A%2F%2Fwww.subparke.es%2Fen%2Fheroes-contra-duchenne%2F&#038;description=H%C3%A9roes%20contra%20Duchenne&#038;media=https%3A%2F%2Fwww.subparke.es%2Fwp-content%2Fuploads%2F2019%2F04%2Fheroes.jpg' aria-hidden='false' data-av_icon='\ue8f8' data-av_iconfont='entypo-fontello' title='' data-avia-related-tooltip='Share on Pinterest' rel=\"noopener\"><span class='avia_hidden_link_text'>Share on Pinterest<\/span><\/a><\/li><li class='av-share-link av-social-link-linkedin' ><a target=\"_blank\" aria-label=\"Share on LinkedIn\" href='https:\/\/linkedin.com\/shareArticle?mini=true&#038;title=H%C3%A9roes%20contra%20Duchenne&#038;url=https:\/\/www.subparke.es\/en\/heroes-contra-duchenne\/' aria-hidden='false' data-av_icon='\ue8fc' data-av_iconfont='entypo-fontello' title='' data-avia-related-tooltip='Share on LinkedIn' rel=\"noopener\"><span class='avia_hidden_link_text'>Share on LinkedIn<\/span><\/a><\/li><li class='av-share-link av-social-link-mail' ><a  aria-label=\"Share by Mail\" href='mailto:?subject=H%C3%A9roes%20contra%20Duchenne&#038;body=https:\/\/www.subparke.es\/en\/heroes-contra-duchenne\/' aria-hidden='false' data-av_icon='\ue805' data-av_iconfont='entypo-fontello' title='' data-avia-related-tooltip='Share by Mail'><span class='avia_hidden_link_text'>Share by Mail<\/span><\/a><\/li><\/ul><\/div><\/div><\/p><\/div><div class=\"flex_column av_two_third  flex_column_div av-zero-column-padding   avia-builder-el-5  el_after_av_one_third  el_before_av_layout_row  avia-builder-el-last  \" style='border-radius:0px; '><section class=\"av_textblock_section \"  itemscope=\"itemscope\" itemtype=\"https:\/\/schema.org\/BlogPosting\" itemprop=\"blogPost\" ><div class='avia_textblock  '   itemprop=\"text\" ><p style=\"text-align: justify;\">Desde la organizaci\u00f3n de la carrera \u201cH\u00e9roes contra Duchenne\u201d quer\u00edamos dar las gracias a todas aquellas personas el apoyo que nos ofrecieron el pasado 30 de Marzo de 2019.<\/p>\n<p style=\"text-align: justify;\">Gracias al Ayuntamiento de Laujar de Andarax por dejarnos utilizar su pueblo para la realizaci\u00f3n de esta carrera y al Ayuntamiento de Berja por ofrecerse a echarnos una mano en la salida de la Ultra y la Marat\u00f3n y a los ayuntamientos de Dalias y Fond\u00f3n.<\/p>\n<p style=\"text-align: justify;\">A la Diputaci\u00f3n de Almer\u00eda por los materiales que nos cedi\u00f3 y por su apoyo.<\/p>\n<p style=\"text-align: justify;\">Gracias a todas aquellas empresas colaboradoras ya que son un punto importante a la hora de llevar a cabo estas carreras con car\u00e1cter solidario.<\/p>\n<p style=\"text-align: justify;\">A los clubes que estuvieron dispuestos a quedarse durante horas en avituallamientos para poder abastecer de lo necesario a los corredores.<\/p>\n<p style=\"text-align: justify;\">Agradecer a Protecci\u00f3n civil de Laujar de Andarax, Berja y Almer\u00eda por su apoyo.<\/p>\n<p style=\"text-align: justify;\">Gracias a Ambulancias Quevedo por ofrecernos esos excelentes servicios, ya que con su profesionalidad y rapidez garantizaron la seguridad de la carrera.<\/p>\n<p style=\"text-align: justify;\">Quer\u00edamos agradecer a todos aquellos voluntarios que se ofrecieron ese d\u00eda a echar una mano, sin ellos estas carreras no ser\u00edan posibles, gracias por aguantar tantas horas para que los corredores pudiesen tener una dosis de energ\u00eda por vuestras muestras de \u00e1nimo, gracias a aquellos voluntarios que casi nunca se ven pero que est\u00e1n en todo momento para garantizar la seguridad de los corredores.<\/p>\n<p style=\"text-align: justify;\">Por \u00faltimo, agradecer a todos aquellos corredores que se apuntaron a la carrera, ya que con el precio de la inscripci\u00f3n se siguen poniendo granitos de arena para poder seguir investigando para el tratamiento de esta enfermedad.<\/p>\n<p style=\"text-align: justify;\">Gracias y mil gracias por todo el apoyo mostrado el pasado d\u00eda 30 de Marzo del 2019.<\/p>\n<p style=\"text-align: justify;\">La organizaci\u00f3n de H\u00e9roes contra Duchenne.<\/p>\n<\/div><\/section><\/div><\/p>\n","protected":false},"excerpt":{"rendered":"","protected":false},"author":2,"featured_media":702,"comment_status":"open","ping_status":"closed","sticky":false,"template":"","format":"standard","meta":{"_joinchat":[],"footnotes":""},"categories":[1],"tags":[],"class_list":["post-698","post","type-post","status-publish","format-standard","has-post-thumbnail","hentry","category-general"],"_links":{"self":[{"href":"https:\/\/www.subparke.es\/en\/wp-json\/wp\/v2\/posts\/698","targetHints":{"allow":["GET"]}}],"collection":[{"href":"https:\/\/www.subparke.es\/en\/wp-json\/wp\/v2\/posts"}],"about":[{"href":"https:\/\/www.subparke.es\/en\/wp-json\/wp\/v2\/types\/post"}],"author":[{"embeddable":true,"href":"https:\/\/www.subparke.es\/en\/wp-json\/wp\/v2\/users\/2"}],"replies":[{"embeddable":true,"href":"https:\/\/www.subparke.es\/en\/wp-json\/wp\/v2\/comments?post=698"}],"version-history":[{"count":2,"href":"https:\/\/www.subparke.es\/en\/wp-json\/wp\/v2\/posts\/698\/revisions"}],"predecessor-version":[{"id":1114,"href":"https:\/\/www.subparke.es\/en\/wp-json\/wp\/v2\/posts\/698\/revisions\/1114"}],"wp:featuredmedia":[{"embeddable":true,"href":"https:\/\/www.subparke.es\/en\/wp-json\/wp\/v2\/media\/702"}],"wp:attachment":[{"href":"https:\/\/www.subparke.es\/en\/wp-json\/wp\/v2\/media?parent=698"}],"wp:term":[{"taxonomy":"category","embeddable":true,"href":"https:\/\/www.subparke.es\/en\/wp-json\/wp\/v2\/categories?post=698"},{"taxonomy":"post_tag","embeddable":true,"href":"https:\/\/www.subparke.es\/en\/wp-json\/wp\/v2\/tags?post=698"}],"curies":[{"name":"wp","href":"https:\/\/api.w.org\/{rel}","templated":true}]}}